{"id":656,"date":"2017-12-31T16:48:47","date_gmt":"2017-12-31T15:48:47","guid":{"rendered":"http:\/\/nispuck.de\/?p=656"},"modified":"2018-01-02T16:55:12","modified_gmt":"2018-01-02T15:55:12","slug":"nizz-barcelona-august-2017","status":"publish","type":"post","link":"http:\/\/nispuck.de\/?p=656","title":{"rendered":"Nizza &#8211; Barcelona August 2017"},"content":{"rendered":"<ol start=\"8\">\n<li>T\u00f6rnbericht Nizza bis Barcelona<\/li>\n<\/ol>\n<p style=\"text-align: left;\">Am 05. August kehrte Martin aus der Heimat zur\u00fcck und um 15:00 Uhr machten wir die Leinen in der Marina Saint de Mar N\u00e4he Nizza los und motorten bei 30 Grad und Flaute Richtung Antibes.<\/p>\n<p style=\"text-align: left;\"><a href=\"http:\/\/nispuck.de\/wp-content\/uploads\/2017\/12\/P8051372-klein.jpg\"><img loading=\"lazy\" decoding=\"async\" class=\"alignnone size-medium wp-image-690\" src=\"http:\/\/nispuck.de\/wp-content\/uploads\/2017\/12\/P8051372-klein-300x169.jpg\" alt=\"OLYMPUS DIGITAL CAMERA\" width=\"300\" height=\"169\" srcset=\"http:\/\/nispuck.de\/wp-content\/uploads\/2017\/12\/P8051372-klein-300x169.jpg 300w, http:\/\/nispuck.de\/wp-content\/uploads\/2017\/12\/P8051372-klein-1024x576.jpg 1024w\" sizes=\"(max-width: 300px) 100vw, 300px\" \/><\/a><a href=\"http:\/\/nispuck.de\/wp-content\/uploads\/2017\/12\/P8051375-klein.jpg\">\u00a0 <img loading=\"lazy\" decoding=\"async\" class=\"alignnone size-medium wp-image-689\" src=\"http:\/\/nispuck.de\/wp-content\/uploads\/2017\/12\/P8051375-klein-300x169.jpg\" alt=\"OLYMPUS DIGITAL CAMERA\" width=\"300\" height=\"169\" srcset=\"http:\/\/nispuck.de\/wp-content\/uploads\/2017\/12\/P8051375-klein-300x169.jpg 300w, http:\/\/nispuck.de\/wp-content\/uploads\/2017\/12\/P8051375-klein-1024x576.jpg 1024w\" sizes=\"(max-width: 300px) 100vw, 300px\" \/><\/a><\/p>\n<p style=\"text-align: left;\"><a href=\"http:\/\/nispuck.de\/wp-content\/uploads\/2017\/12\/P8051369-klein.jpg\"><img loading=\"lazy\" decoding=\"async\" class=\"alignnone size-medium wp-image-691\" src=\"http:\/\/nispuck.de\/wp-content\/uploads\/2017\/12\/P8051369-klein-300x169.jpg\" alt=\"OLYMPUS DIGITAL CAMERA\" width=\"300\" height=\"169\" srcset=\"http:\/\/nispuck.de\/wp-content\/uploads\/2017\/12\/P8051369-klein-300x169.jpg 300w, http:\/\/nispuck.de\/wp-content\/uploads\/2017\/12\/P8051369-klein-1024x576.jpg 1024w\" sizes=\"(max-width: 300px) 100vw, 300px\" \/><\/a><a href=\"http:\/\/nispuck.de\/wp-content\/uploads\/2017\/12\/P8051380-klein.jpg\">\u00a0 <img loading=\"lazy\" decoding=\"async\" class=\"alignnone size-medium wp-image-687\" src=\"http:\/\/nispuck.de\/wp-content\/uploads\/2017\/12\/P8051380-klein-300x169.jpg\" alt=\"OLYMPUS DIGITAL CAMERA\" width=\"300\" height=\"169\" srcset=\"http:\/\/nispuck.de\/wp-content\/uploads\/2017\/12\/P8051380-klein-300x169.jpg 300w, http:\/\/nispuck.de\/wp-content\/uploads\/2017\/12\/P8051380-klein-1024x576.jpg 1024w\" sizes=\"(max-width: 300px) 100vw, 300px\" \/><\/a><\/p>\n<p style=\"text-align: justify;\">Antibes gefiel uns sehr gut wegen der vielen kreativen L\u00e4den. Hier gibt es ein Picasso Museum, eine Kunstschmiede, einen Glasbl\u00e4ser, Maler, die ihre Werke ausstellen, eine Markthalle voller K\u00f6stlichkeiten und \u00fcberall in der Stadt und an der Pier stehen Figuren aus Bronze. \u00a0Wegen unangenehmen Schwell mussten wir uns 6,8 Seemeilen weiter in eine gesch\u00fctzte Bucht verlegen in der auch die 162,5 Meter lange Eclipse, die aktuell zweitl\u00e4ngste private Motoryacht der Welt von Roman Abramowitsch lag.<\/p>\n<p style=\"text-align: justify;\"><a href=\"http:\/\/nispuck.de\/wp-content\/uploads\/2017\/12\/DSC02248-klein.jpg\"><img loading=\"lazy\" decoding=\"async\" class=\"  wp-image-686 aligncenter\" src=\"http:\/\/nispuck.de\/wp-content\/uploads\/2017\/12\/DSC02248-klein-300x170.jpg\" alt=\"DSC02248-klein\" width=\"475\" height=\"269\" srcset=\"http:\/\/nispuck.de\/wp-content\/uploads\/2017\/12\/DSC02248-klein-300x170.jpg 300w, http:\/\/nispuck.de\/wp-content\/uploads\/2017\/12\/DSC02248-klein-1024x580.jpg 1024w\" sizes=\"(max-width: 475px) 100vw, 475px\" \/><\/a> Da kommt man sich schon ganz sch\u00f6n klein vor. Daf\u00fcr gut gesch\u00fctzt denn die Eclipse hat ein Raketenabwehrsystem an Bord!<br \/>\nAuf dem Weg dorthin stie\u00dfen wir fast mit einem amerikanischen Segelboot zusammen, als Martin der Skipperin Vorfahrt gew\u00e4hrte, sie sich aber nicht entscheiden konnte uns an Steuer- oder Backbord zu passieren. Nachdem sie eine Weile rum eierte und dabei immer n\u00e4her kam musste Martin tats\u00e4chlich aufstoppen um einen Zusammensto\u00df zu vermeiden. Platz genug auf dem gro\u00dfen Mittelmeer, denkt man!<br \/>\nAm 7. August fuhren wir, leider wieder unter Motor auf die andere Seite des Golfes von San Juan und ankerten vor der Strandpromenade von Cannes.<\/p>\n<p style=\"text-align: justify;\"><a href=\"http:\/\/nispuck.de\/wp-content\/uploads\/2017\/12\/DSC02284-klein.jpg\"><img loading=\"lazy\" decoding=\"async\" class=\"alignnone size-medium wp-image-684\" src=\"http:\/\/nispuck.de\/wp-content\/uploads\/2017\/12\/DSC02284-klein-300x170.jpg\" alt=\"DSC02284-klein\" width=\"300\" height=\"170\" srcset=\"http:\/\/nispuck.de\/wp-content\/uploads\/2017\/12\/DSC02284-klein-300x170.jpg 300w, http:\/\/nispuck.de\/wp-content\/uploads\/2017\/12\/DSC02284-klein-1024x580.jpg 1024w\" sizes=\"(max-width: 300px) 100vw, 300px\" \/>\u00a0\u00a0\u00a0\u00a0\u00a0\u00a0 <\/a><a href=\"http:\/\/nispuck.de\/wp-content\/uploads\/2017\/12\/DSC02259-klein.jpg\"><img loading=\"lazy\" decoding=\"async\" class=\"alignnone size-medium wp-image-685\" src=\"http:\/\/nispuck.de\/wp-content\/uploads\/2017\/12\/DSC02259-klein-300x170.jpg\" alt=\"DSC02259-klein\" width=\"300\" height=\"170\" srcset=\"http:\/\/nispuck.de\/wp-content\/uploads\/2017\/12\/DSC02259-klein-300x170.jpg 300w, http:\/\/nispuck.de\/wp-content\/uploads\/2017\/12\/DSC02259-klein-1024x580.jpg 1024w\" sizes=\"(max-width: 300px) 100vw, 300px\" \/><\/a><\/p>\n<p style=\"text-align: justify;\">Da Martin ziemliche Schmerzen an seinem Fu\u00df hatte und kaum laufen konnte, fuhren wir beim Landgang mit der Elektrobimmelbahn um wenigstens ein bisschen von der Stadt zu sehen. Zur\u00fcck im Ankerfeld trauten wir unseren Augen nicht. Die Nis Puck war kaum aus zu machen, es wimmelte nur so von kleinen und gro\u00dfen Booten. Beim Ankern waren uns schon die Fl\u00f6\u00dfe mit Feuerwerksk\u00f6rpern aufgefallen, doch wir dachten nicht, dass an einem Montag hier ein Mega Feuerwerk losgehen w\u00fcrde. Wie sich heraus stellte war an diesem Tag Festival of Art und wir waren nicht irgendwo mitten drin sondern mehr zuf\u00e4llig in der ersten Reihe. Wir lagen direkt an der imagin\u00e4ren Linie, die von den Booten der Wasserschutzpolizei abgefahren wurde. Kurz vor Beginn des Feuerwerks versuchte sich eine dreist\u00f6ckige Superyacht laut hupend den Weg durch die Boote zu bahnen, um in vorderster Reihe ihren Anker zu werfen. Das gefiel den Franzosen gar nicht. Mit lauten Buh Rufen taten sie ihrem Unmut kund. Wider unserer Annahme, frei nach dem Motto Geld regiert die Welt, wurde diese Yacht entlang der laut applaudierenden Menschen auf ihren Booten von der Polizei aus dem Ankerfeld eskortiert.<br \/>\nNach Einbruch der Dunkelheit wurde nach einer kurzen Er\u00f6ffnungsrede die Titelmusik s\u00e4mtlicher James Bond Filme von Land aus abgespielt. Mit einer sagenhaften Pr\u00e4zision flogen die Feuerwerksk\u00f6rper synchron zur Musik in die Luft. Es war das beeindruckendste Schauspiel, dass wir je gesehen haben.<br \/>\nAm 08. August lichteten wir in Cannes den Anker und erreichten nach 21,6 Seemeilen den Strand von De La Nestelle. Nach einem Bad im Meer und einer Mahlzeit holten wir um 19:00 Uhr den Anker allerdings noch einmal hoch und fanden ein ruhigeres Pl\u00e4tzchen neben der Bucht von Saint Tropez.<\/p>\n<p style=\"text-align: justify;\"><a href=\"http:\/\/nispuck.de\/wp-content\/uploads\/2017\/12\/DSC02306-klein.jpg\"><img loading=\"lazy\" decoding=\"async\" class=\"alignnone  wp-image-683\" src=\"http:\/\/nispuck.de\/wp-content\/uploads\/2017\/12\/DSC02306-klein-300x170.jpg\" alt=\"DSC02306-klein\" width=\"311\" height=\"176\" srcset=\"http:\/\/nispuck.de\/wp-content\/uploads\/2017\/12\/DSC02306-klein-300x170.jpg 300w, http:\/\/nispuck.de\/wp-content\/uploads\/2017\/12\/DSC02306-klein-1024x580.jpg 1024w\" sizes=\"(max-width: 311px) 100vw, 311px\" \/> \u00a0 <\/a><a href=\"http:\/\/nispuck.de\/wp-content\/uploads\/2017\/12\/DSC02310-klein.jpg\"><img loading=\"lazy\" decoding=\"async\" class=\"alignnone  wp-image-682\" src=\"http:\/\/nispuck.de\/wp-content\/uploads\/2017\/12\/DSC02310-klein-300x170.jpg\" alt=\"DSC02310-klein\" width=\"311\" height=\"176\" srcset=\"http:\/\/nispuck.de\/wp-content\/uploads\/2017\/12\/DSC02310-klein-300x170.jpg 300w, http:\/\/nispuck.de\/wp-content\/uploads\/2017\/12\/DSC02310-klein-1024x580.jpg 1024w\" sizes=\"(max-width: 311px) 100vw, 311px\" \/><\/a><\/p>\n<p style=\"text-align: justify;\">Ein malerisches Hafenst\u00e4dtchen mit Charakter, allerdings zu dieser Jahreszeit hoffnungslos \u00fcberv\u00f6lkert. In den n\u00e4chsten Tagen war ein starker Mistral gemeldet und so verlegten wir uns noch einmal 3,5 Seemeilen vor den Strand von Port Grimaud. Dieser besonders malerische Hafen besteht aus vielen kleinen verwinkelten Zufahrtskan\u00e4len an deren Ufern Ferienh\u00e4user mit eigenem Anleger ges\u00e4umt sind.<\/p>\n<p style=\"text-align: justify;\"><a href=\"http:\/\/nispuck.de\/wp-content\/uploads\/2017\/12\/DSC02336-klein.jpg\"><img loading=\"lazy\" decoding=\"async\" class=\"  wp-image-681 aligncenter\" src=\"http:\/\/nispuck.de\/wp-content\/uploads\/2017\/12\/DSC02336-klein-300x170.jpg\" alt=\"DSC02336-klein\" width=\"388\" height=\"220\" srcset=\"http:\/\/nispuck.de\/wp-content\/uploads\/2017\/12\/DSC02336-klein-300x170.jpg 300w, http:\/\/nispuck.de\/wp-content\/uploads\/2017\/12\/DSC02336-klein-1024x580.jpg 1024w\" sizes=\"(max-width: 388px) 100vw, 388px\" \/><\/a>Als Martin dort ins Meer zum Schwimmen wollte, lachte ich ihn aus, weil er eine gef\u00fchlte Ewigkeit brauchte um endlich ein zu tauchen. Beim Blick auf die Temperaturanzeige des Wassers hatte ich allerdings Verst\u00e4ndnis f\u00fcr sein Z\u00f6gern, denn diese zeigte nur 16 Grad an. Durch den Sturm wurde offensichtlich das kalte Wasser von unten nach oben bef\u00f6rdert, so dass bei angenehm warmen Au\u00dfentemperaturen, dass Schwimmen nur den hart gesottenen vorbehalten war.<br \/>\nAm 12. August verlie\u00dfen wir die Bucht von Port Grimaud und konnten sofort Segel setzten.<br \/>\n14 Seemeilen legten wir segelnd zur\u00fcck. Mussten dann allerdings weitere 14 Meilen zur Ile de Port Cros unseren Motor zu Hilfe nehmen. Diese sch\u00f6ne Bucht mit ihrem klaren Wasser f\u00fcllte sich schnell. Anscheinend sehr beliebt unter den Italienern, die es ja bekanntlich gerne kuschelig m\u00f6gen beim Ankern.<\/p>\n<p style=\"text-align: justify;\"><a href=\"http:\/\/nispuck.de\/wp-content\/uploads\/2017\/12\/DSC02350-klein.jpg\"><img loading=\"lazy\" decoding=\"async\" class=\"  wp-image-680 aligncenter\" src=\"http:\/\/nispuck.de\/wp-content\/uploads\/2017\/12\/DSC02350-klein-300x170.jpg\" alt=\"DSC02350-klein\" width=\"408\" height=\"231\" srcset=\"http:\/\/nispuck.de\/wp-content\/uploads\/2017\/12\/DSC02350-klein-300x170.jpg 300w, http:\/\/nispuck.de\/wp-content\/uploads\/2017\/12\/DSC02350-klein-1024x580.jpg 1024w\" sizes=\"(max-width: 408px) 100vw, 408px\" \/><\/a>Am n\u00e4chsten Morgen segelten wir entlang der K\u00fcste von Porquerolles. Dies erwies sich als sehr schaukelige Angelegnheit, da unglaublich viele Motorboote unterwegs waren. Wir beschlossen diese Insel nur aus der Ferne zu betrachten und ankerten vor der Ile de Bendor neben dem Hafen von Bandol, am franz\u00f6sischen Festland.<\/p>\n<p style=\"text-align: justify;\"><a href=\"http:\/\/nispuck.de\/wp-content\/uploads\/2017\/12\/DSC02370-klein.jpg\"><img loading=\"lazy\" decoding=\"async\" class=\"alignnone size-medium wp-image-679\" src=\"http:\/\/nispuck.de\/wp-content\/uploads\/2017\/12\/DSC02370-klein-300x170.jpg\" alt=\"DSC02370-klein\" width=\"300\" height=\"170\" srcset=\"http:\/\/nispuck.de\/wp-content\/uploads\/2017\/12\/DSC02370-klein-300x170.jpg 300w, http:\/\/nispuck.de\/wp-content\/uploads\/2017\/12\/DSC02370-klein-1024x580.jpg 1024w\" sizes=\"(max-width: 300px) 100vw, 300px\" \/>\u00a0\u00a0\u00a0\u00a0\u00a0\u00a0\u00a0\u00a0\u00a0 <\/a><a href=\"http:\/\/nispuck.de\/wp-content\/uploads\/2017\/12\/DSC02374-klein.jpg\"><img loading=\"lazy\" decoding=\"async\" class=\"alignnone size-medium wp-image-678\" src=\"http:\/\/nispuck.de\/wp-content\/uploads\/2017\/12\/DSC02374-klein-300x170.jpg\" alt=\"DSC02374-klein\" width=\"300\" height=\"170\" srcset=\"http:\/\/nispuck.de\/wp-content\/uploads\/2017\/12\/DSC02374-klein-300x170.jpg 300w, http:\/\/nispuck.de\/wp-content\/uploads\/2017\/12\/DSC02374-klein-1024x580.jpg 1024w\" sizes=\"(max-width: 300px) 100vw, 300px\" \/><\/a><\/p>\n<p style=\"text-align: justify;\">Am Abend schlenderten wir beim Landgang durch die Altstadt und g\u00f6nnten uns einen Crepe\u00b4.<br \/>\nAm 14. August holten wir mittags den Anker hoch und segelten 11,6 Seemeilen nach Cassis.<\/p>\n<p style=\"text-align: justify;\"><a href=\"http:\/\/nispuck.de\/wp-content\/uploads\/2017\/12\/DSC02389-klein.jpg\"><img loading=\"lazy\" decoding=\"async\" class=\"alignnone size-medium wp-image-677\" src=\"http:\/\/nispuck.de\/wp-content\/uploads\/2017\/12\/DSC02389-klein-300x170.jpg\" alt=\"DSC02389-klein\" width=\"300\" height=\"170\" srcset=\"http:\/\/nispuck.de\/wp-content\/uploads\/2017\/12\/DSC02389-klein-300x170.jpg 300w, http:\/\/nispuck.de\/wp-content\/uploads\/2017\/12\/DSC02389-klein-1024x580.jpg 1024w\" sizes=\"(max-width: 300px) 100vw, 300px\" \/><\/a><a href=\"http:\/\/nispuck.de\/wp-content\/uploads\/2017\/12\/DSC02406-klein.jpg\">\u00a0\u00a0\u00a0\u00a0\u00a0\u00a0\u00a0\u00a0\u00a0 <img loading=\"lazy\" decoding=\"async\" class=\"alignnone size-medium wp-image-676\" src=\"http:\/\/nispuck.de\/wp-content\/uploads\/2017\/12\/DSC02406-klein-300x170.jpg\" alt=\"DSC02406-klein\" width=\"300\" height=\"170\" srcset=\"http:\/\/nispuck.de\/wp-content\/uploads\/2017\/12\/DSC02406-klein-300x170.jpg 300w, http:\/\/nispuck.de\/wp-content\/uploads\/2017\/12\/DSC02406-klein-1024x580.jpg 1024w\" sizes=\"(max-width: 300px) 100vw, 300px\" \/><\/a><\/p>\n<p style=\"text-align: justify;\">Schwimmen war bei 15 Grad Wassertemperatur zumindest f\u00fcr uns Weicheier leider immer noch nicht m\u00f6glich. Am 15.08. lichtete die Nis Puck um 9:30 Uhr den Anker mit Kurs auf Fos sur mer. In dieser riesigen Bucht lagen viele Tanker vor Anker. Hier gibt es wohl viel Industrie und Raffinerien.<\/p>\n<p style=\"text-align: justify;\"><a href=\"http:\/\/nispuck.de\/wp-content\/uploads\/2017\/12\/DSC02430-klein.jpg\"><img loading=\"lazy\" decoding=\"async\" class=\"alignnone size-medium wp-image-673\" src=\"http:\/\/nispuck.de\/wp-content\/uploads\/2017\/12\/DSC02430-klein-300x170.jpg\" alt=\"DSC02430-klein\" width=\"300\" height=\"170\" srcset=\"http:\/\/nispuck.de\/wp-content\/uploads\/2017\/12\/DSC02430-klein-300x170.jpg 300w, http:\/\/nispuck.de\/wp-content\/uploads\/2017\/12\/DSC02430-klein-1024x580.jpg 1024w\" sizes=\"(max-width: 300px) 100vw, 300px\" \/>\u00a0\u00a0\u00a0\u00a0\u00a0 <\/a><a href=\"http:\/\/nispuck.de\/wp-content\/uploads\/2017\/12\/DSC02428-klein.jpg\"><img loading=\"lazy\" decoding=\"async\" class=\"alignnone size-medium wp-image-674\" src=\"http:\/\/nispuck.de\/wp-content\/uploads\/2017\/12\/DSC02428-klein-300x170.jpg\" alt=\"DSC02428-klein\" width=\"300\" height=\"170\" srcset=\"http:\/\/nispuck.de\/wp-content\/uploads\/2017\/12\/DSC02428-klein-300x170.jpg 300w, http:\/\/nispuck.de\/wp-content\/uploads\/2017\/12\/DSC02428-klein-1024x580.jpg 1024w\" sizes=\"(max-width: 300px) 100vw, 300px\" \/><\/a><\/p>\n<p style=\"text-align: justify;\">Es gibt auch Hotels und Ferienwohnungen, doch wir konnten beim Landgang diesem Ort nicht viel abgewinnen. Am n\u00e4chsten Morgen tankten wir 500 Liter Diesel und f\u00fcllten unsere Wasservorr\u00e4te auf. Auf unserem Weg nach Grand du roi konnten nur 14 von den 47 Seemeilen gesegelt werden.<\/p>\n<p style=\"text-align: justify;\"><a href=\"http:\/\/nispuck.de\/wp-content\/uploads\/2017\/12\/DSC02423-klein1.jpg\"><img loading=\"lazy\" decoding=\"async\" class=\"alignnone  wp-image-695\" src=\"http:\/\/nispuck.de\/wp-content\/uploads\/2017\/12\/DSC02423-klein1-300x78.jpg\" alt=\"DSC02423-klein\" width=\"642\" height=\"167\" srcset=\"http:\/\/nispuck.de\/wp-content\/uploads\/2017\/12\/DSC02423-klein1-300x78.jpg 300w, http:\/\/nispuck.de\/wp-content\/uploads\/2017\/12\/DSC02423-klein1-1024x265.jpg 1024w\" sizes=\"(max-width: 642px) 100vw, 642px\" \/><\/a><\/p>\n<p style=\"text-align: justify;\">Die restliche Strecke wurde \u201egemotorsegelt\u201c. Das Mittelmeer machte seinem Namen mal wieder alle Ehre. Entweder zu viel Wind, oder zu wenig und meist aus der falschen Richtung. Um 20:45 fiel neben der Zufahrt von Port L\u00b4espignette das Eisen ins Wasser. Die letzte Br\u00fccken\u00f6ffnung nach Grand du roi war um 18:30 Uhr, also a\u00dfen wir einen leckeren Auflauf den Martin unterwegs schon zubereitet und legten uns fr\u00fch in die Koje.<\/p>\n<p style=\"text-align: justify;\"><a href=\"http:\/\/nispuck.de\/wp-content\/uploads\/2017\/12\/DSC02434-klein.jpg\"><img loading=\"lazy\" decoding=\"async\" class=\"  wp-image-672 aligncenter\" src=\"http:\/\/nispuck.de\/wp-content\/uploads\/2017\/12\/DSC02434-klein-300x170.jpg\" alt=\"DSC02434-klein\" width=\"395\" height=\"224\" srcset=\"http:\/\/nispuck.de\/wp-content\/uploads\/2017\/12\/DSC02434-klein-300x170.jpg 300w, http:\/\/nispuck.de\/wp-content\/uploads\/2017\/12\/DSC02434-klein-1024x580.jpg 1024w\" sizes=\"(max-width: 395px) 100vw, 395px\" \/><\/a><\/p>\n<p style=\"text-align: justify;\">Um 8:00 Uhr am n\u00e4chsten Morgen waren wir bei der ersten Br\u00fccken\u00f6ffnung dabei und konnten nach dem Zufahrtskanal in einem Becken direkt vor dem LIDL ankern. Da geht einem doch das Seglerherz auf! Nun konnte Proviant gebunkert werden, denn die Lebensmittelpreise in Frankreich sind nicht zimperlich.<br \/>\nAls wir abends beim Landgang an der Uferpromenade entlang spazierten, wunderten wir uns \u00fcber die Polizeipr\u00e4senz. Wenig sp\u00e4ter erfuhren wir von dem Anschlag auf der Rambla in Barcelona.<br \/>\nDie 36,2 Seemeilen nach Adge, unserem n\u00e4chsten Ziel, konnten wir am n\u00e4chsten Tag segeln.<\/p>\n<p style=\"text-align: justify;\"><a href=\"http:\/\/nispuck.de\/wp-content\/uploads\/2017\/12\/P8171445-klein.jpg\"><img loading=\"lazy\" decoding=\"async\" class=\"  wp-image-671 aligncenter\" src=\"http:\/\/nispuck.de\/wp-content\/uploads\/2017\/12\/P8171445-klein-300x169.jpg\" alt=\"OLYMPUS DIGITAL CAMERA\" width=\"362\" height=\"204\" srcset=\"http:\/\/nispuck.de\/wp-content\/uploads\/2017\/12\/P8171445-klein-300x169.jpg 300w, http:\/\/nispuck.de\/wp-content\/uploads\/2017\/12\/P8171445-klein-1024x576.jpg 1024w\" sizes=\"(max-width: 362px) 100vw, 362px\" \/><\/a>Hier nahmen wir am 19. August Kristin und Lena, zwei Studentinnen an Bord. Mit ihnen konnten wir die 34 Seemeilen nach Leucate gr\u00f6\u00dftenteils segeln. W\u00e4hrend Martin und ich uns \u00fcber den Segelwind freuten, verbrachten die beiden den T\u00f6rn bei unangenehmer Welle in der Koje bzw. an der Reling.<br \/>\nAm n\u00e4chsten Tag hatten wir 43,5 Seemeilen bis Cadaques in Spanien vor uns. Diese Stadt liegt im Norden der Costa Brava auf der iberischen Halbinsel und wird auch die wei\u00dfe Stadt genannt. Hier reichen die Pyren\u00e4en zehn Kilometer weit ins Meer. Nord\u00f6stlich des Zentrums liegt der Port Lligat mit dem Wohnhaus von Dali, in dem ein Dali Museum eingerichtet ist.<\/p>\n<p style=\"text-align: justify;\"><a href=\"http:\/\/nispuck.de\/wp-content\/uploads\/2017\/12\/DSC02453-klein.jpg\"><img loading=\"lazy\" decoding=\"async\" class=\"alignnone size-medium wp-image-670\" src=\"http:\/\/nispuck.de\/wp-content\/uploads\/2017\/12\/DSC02453-klein-300x170.jpg\" alt=\"DSC02453-klein\" width=\"300\" height=\"170\" srcset=\"http:\/\/nispuck.de\/wp-content\/uploads\/2017\/12\/DSC02453-klein-300x170.jpg 300w, http:\/\/nispuck.de\/wp-content\/uploads\/2017\/12\/DSC02453-klein-1024x580.jpg 1024w\" sizes=\"(max-width: 300px) 100vw, 300px\" \/>\u00a0\u00a0\u00a0\u00a0\u00a0\u00a0\u00a0\u00a0\u00a0 <\/a><a href=\"http:\/\/nispuck.de\/wp-content\/uploads\/2017\/12\/DSC02456-klein.jpg\"><img loading=\"lazy\" decoding=\"async\" class=\"alignnone size-medium wp-image-669\" src=\"http:\/\/nispuck.de\/wp-content\/uploads\/2017\/12\/DSC02456-klein-300x170.jpg\" alt=\"DSC02456-klein\" width=\"300\" height=\"170\" srcset=\"http:\/\/nispuck.de\/wp-content\/uploads\/2017\/12\/DSC02456-klein-300x170.jpg 300w, http:\/\/nispuck.de\/wp-content\/uploads\/2017\/12\/DSC02456-klein-1024x580.jpg 1024w\" sizes=\"(max-width: 300px) 100vw, 300px\" \/><\/a><\/p>\n<p style=\"text-align: justify;\">Am 21. August lichteten wir um 10:45 den Anker, setzten um 11:00 Uhr das Gro\u00dfsegel und nahmen mit achterlichem Wind Kurs auf Palamos.<\/p>\n<p style=\"text-align: justify;\"><a href=\"http:\/\/nispuck.de\/wp-content\/uploads\/2017\/12\/DSC02474-klein.jpg\"><img loading=\"lazy\" decoding=\"async\" class=\"alignnone size-medium wp-image-668\" src=\"http:\/\/nispuck.de\/wp-content\/uploads\/2017\/12\/DSC02474-klein-300x170.jpg\" alt=\"DSC02474-klein\" width=\"300\" height=\"170\" srcset=\"http:\/\/nispuck.de\/wp-content\/uploads\/2017\/12\/DSC02474-klein-300x170.jpg 300w, http:\/\/nispuck.de\/wp-content\/uploads\/2017\/12\/DSC02474-klein-1024x580.jpg 1024w\" sizes=\"(max-width: 300px) 100vw, 300px\" \/><\/a><a href=\"http:\/\/nispuck.de\/wp-content\/uploads\/2017\/12\/DSC02480-klein.jpg\">\u00a0\u00a0\u00a0\u00a0\u00a0\u00a0\u00a0\u00a0\u00a0 <img loading=\"lazy\" decoding=\"async\" class=\"alignnone size-medium wp-image-667\" src=\"http:\/\/nispuck.de\/wp-content\/uploads\/2017\/12\/DSC02480-klein-300x170.jpg\" alt=\"DSC02480-klein\" width=\"300\" height=\"170\" srcset=\"http:\/\/nispuck.de\/wp-content\/uploads\/2017\/12\/DSC02480-klein-300x170.jpg 300w, http:\/\/nispuck.de\/wp-content\/uploads\/2017\/12\/DSC02480-klein-1024x580.jpg 1024w\" sizes=\"(max-width: 300px) 100vw, 300px\" \/><\/a><\/p>\n<p style=\"text-align: justify;\">Hier fanden wir um 17:37 Uhr nach knapp 32 Seemeilen noch einen gesch\u00fctzten Platz neben dem Hafen hinter der Mole. Zumindest dachten wir hier gesch\u00fctzt zu liegen, doch die Windvorhersage stimmte leider nicht und so hatten wir unsere liebe Not nach dem Landgang wieder an Bord zu kommen. Die Badeplattform der Nis Puck klatschte bei den Wellen so heftig ins Wasser, dass wir mehrmals mit dem Dingi ran fahren mussten um mit einem gezielten Sprung auf\u00b4s Schiff zu kommen.<br \/>\nIn Palamos befindet sich das einzige Fischereimuseum im Mittelmeer. Der Besuch dort war sehr beeindruckend.<\/p>\n<p style=\"text-align: justify;\"><a href=\"http:\/\/nispuck.de\/wp-content\/uploads\/2017\/12\/DSC02494-klein.jpg\"><img loading=\"lazy\" decoding=\"async\" class=\"alignnone size-medium wp-image-666\" src=\"http:\/\/nispuck.de\/wp-content\/uploads\/2017\/12\/DSC02494-klein-300x170.jpg\" alt=\"DSC02494-klein\" width=\"300\" height=\"170\" srcset=\"http:\/\/nispuck.de\/wp-content\/uploads\/2017\/12\/DSC02494-klein-300x170.jpg 300w, http:\/\/nispuck.de\/wp-content\/uploads\/2017\/12\/DSC02494-klein-1024x580.jpg 1024w\" sizes=\"(max-width: 300px) 100vw, 300px\" \/><\/a><a href=\"http:\/\/nispuck.de\/wp-content\/uploads\/2017\/12\/DSC02497-klein.jpg\">\u00a0\u00a0 \u00a0 \u00a0 \u00a0\u00a0 <img loading=\"lazy\" decoding=\"async\" class=\"alignnone size-medium wp-image-665\" src=\"http:\/\/nispuck.de\/wp-content\/uploads\/2017\/12\/DSC02497-klein-300x170.jpg\" alt=\"DSC02497-klein\" width=\"300\" height=\"170\" srcset=\"http:\/\/nispuck.de\/wp-content\/uploads\/2017\/12\/DSC02497-klein-300x170.jpg 300w, http:\/\/nispuck.de\/wp-content\/uploads\/2017\/12\/DSC02497-klein-1024x580.jpg 1024w\" sizes=\"(max-width: 300px) 100vw, 300px\" \/><\/a><\/p>\n<p style=\"text-align: justify;\">Zu Anfang sahen wir einen Film \u00fcber den Alltag der Fischer, fr\u00fcher und heute. Mit vielen kleinen Details werden dort Werkzeuge, Netze, K\u00f6rbe, Taue usw. gezeigt. Das Mittelmeer hat einen Anteil von 0,3% am Gesamtvolumen aller Meere unseres Planeten. Der Meeresboden hat einen ungeheuren Artenreichtum, aber wenig Fisch von jeder Sorte. Die \u00dcberfischung im Mittelmeer zeigt fatale Folgen. Es werden immer mehr junge Fische aus dem Meer geholt. Dadurch k\u00f6nnen sich die Best\u00e4nde nicht erholen.<br \/>\nAm n\u00e4chsten Tag nahmen die Nis Puck Kurs auf Arynes de Mar. Hier machten wir am Nachmittag des 23. August in der Marina fest. Da die Marina verh\u00e4ltnism\u00e4\u00dfig g\u00fcnstig war und Waschmaschinen vorhanden waren, verl\u00e4ngerten wir unseren Aufenthalt dort um einen weiteren Tag. Wir nahmen Abschied von Kristin und Lena die ihre Reise per Zug nach Barcelona fortsetzten.<br \/>\nAm 25. August machten wir um 10:45 Uhr die Leinen los und erreichten nach 23 Seemeilen den Raeil Club Maritim in Barcelona. Die Zufahrt zu diesem an der Statue des Christoph Columbus liegende Hafen, war schon ein Erlebnis!<\/p>\n<p style=\"text-align: justify;\"><a href=\"http:\/\/nispuck.de\/wp-content\/uploads\/2017\/12\/DSC02520-klein.jpg\"><img loading=\"lazy\" decoding=\"async\" class=\"alignnone size-medium wp-image-664\" src=\"http:\/\/nispuck.de\/wp-content\/uploads\/2017\/12\/DSC02520-klein-300x170.jpg\" alt=\"DSC02520-klein\" width=\"300\" height=\"170\" srcset=\"http:\/\/nispuck.de\/wp-content\/uploads\/2017\/12\/DSC02520-klein-300x170.jpg 300w, http:\/\/nispuck.de\/wp-content\/uploads\/2017\/12\/DSC02520-klein-1024x580.jpg 1024w\" sizes=\"(max-width: 300px) 100vw, 300px\" \/>\u00a0\u00a0\u00a0\u00a0\u00a0\u00a0\u00a0\u00a0 <\/a><a href=\"http:\/\/nispuck.de\/wp-content\/uploads\/2017\/12\/DSC02561-klein.jpg\"><img loading=\"lazy\" decoding=\"async\" class=\"alignnone size-medium wp-image-658\" src=\"http:\/\/nispuck.de\/wp-content\/uploads\/2017\/12\/DSC02561-klein-300x170.jpg\" alt=\"DSC02561-klein\" width=\"300\" height=\"170\" srcset=\"http:\/\/nispuck.de\/wp-content\/uploads\/2017\/12\/DSC02561-klein-300x170.jpg 300w, http:\/\/nispuck.de\/wp-content\/uploads\/2017\/12\/DSC02561-klein-1024x580.jpg 1024w\" sizes=\"(max-width: 300px) 100vw, 300px\" \/><\/a><\/p>\n<p style=\"text-align: justify;\">Entlang der riesigen F\u00e4hren und Kreuzfahrtschiffe, kamen wir p\u00fcnktlich zur \u00d6ffnung der Br\u00fccke dort an. Ich hatte M\u00fche rechtzeitig die Fender und Festmacherleinen klar zu machen, da ich so mit fotografieren besch\u00e4ftigt war. In Barcelona durfte nat\u00fcrlich der Besuch in zumindest einem Gaudi Haus, der La Sagrada Familia, im Hard Rock Cafe\u00b4 und das Flanieren auf der Rambla mit all ihren Pantomimen K\u00fcnstlern nicht fehlen.<\/p>\n<p style=\"text-align: justify;\"><a href=\"http:\/\/nispuck.de\/wp-content\/uploads\/2017\/12\/DSC02542-klein.jpg\">\u00a0\u00a0\u00a0\u00a0\u00a0\u00a0\u00a0\u00a0 <\/a><a href=\"http:\/\/nispuck.de\/wp-content\/uploads\/2017\/12\/DSC02550-klein.jpg\"><img loading=\"lazy\" decoding=\"async\" class=\"alignnone  wp-image-660\" src=\"http:\/\/nispuck.de\/wp-content\/uploads\/2017\/12\/DSC02550-klein-170x300.jpg\" alt=\"DSC02550-klein\" width=\"230\" height=\"407\" srcset=\"http:\/\/nispuck.de\/wp-content\/uploads\/2017\/12\/DSC02550-klein-170x300.jpg 170w, http:\/\/nispuck.de\/wp-content\/uploads\/2017\/12\/DSC02550-klein-580x1024.jpg 580w, http:\/\/nispuck.de\/wp-content\/uploads\/2017\/12\/DSC02550-klein.jpg 1303w\" sizes=\"(max-width: 230px) 100vw, 230px\" \/><\/a><a href=\"http:\/\/nispuck.de\/wp-content\/uploads\/2017\/12\/DSC02542-klein.jpg\">\u00a0\u00a0\u00a0\u00a0\u00a0\u00a0\u00a0\u00a0\u00a0\u00a0\u00a0\u00a0\u00a0\u00a0\u00a0\u00a0\u00a0\u00a0\u00a0\u00a0\u00a0\u00a0\u00a0\u00a0\u00a0\u00a0 \u00a0 \u00a0 \u00a0 \u00a0\u00a0\u00a0 <img loading=\"lazy\" decoding=\"async\" class=\"alignnone  wp-image-661\" src=\"http:\/\/nispuck.de\/wp-content\/uploads\/2017\/12\/DSC02542-klein-170x300.jpg\" alt=\"DSC02542-klein\" width=\"229\" height=\"404\" srcset=\"http:\/\/nispuck.de\/wp-content\/uploads\/2017\/12\/DSC02542-klein-170x300.jpg 170w, http:\/\/nispuck.de\/wp-content\/uploads\/2017\/12\/DSC02542-klein-580x1024.jpg 580w, http:\/\/nispuck.de\/wp-content\/uploads\/2017\/12\/DSC02542-klein.jpg 1303w\" sizes=\"(max-width: 229px) 100vw, 229px\" \/><\/a><\/p>\n<p style=\"text-align: justify;\"><a href=\"http:\/\/nispuck.de\/wp-content\/uploads\/2017\/12\/DSC02534-klein.jpg\"><img loading=\"lazy\" decoding=\"async\" class=\"  wp-image-662 aligncenter\" src=\"http:\/\/nispuck.de\/wp-content\/uploads\/2017\/12\/DSC02534-klein-300x170.jpg\" alt=\"DSC02534-klein\" width=\"385\" height=\"218\" srcset=\"http:\/\/nispuck.de\/wp-content\/uploads\/2017\/12\/DSC02534-klein-300x170.jpg 300w, http:\/\/nispuck.de\/wp-content\/uploads\/2017\/12\/DSC02534-klein-1024x580.jpg 1024w\" sizes=\"(max-width: 385px) 100vw, 385px\" \/><\/a><\/p>\n<p style=\"text-align: justify;\"><a href=\"http:\/\/nispuck.de\/wp-content\/uploads\/2017\/12\/DSC02553-klein.jpg\"><img loading=\"lazy\" decoding=\"async\" class=\"alignnone size-medium wp-image-659\" src=\"http:\/\/nispuck.de\/wp-content\/uploads\/2017\/12\/DSC02553-klein-300x170.jpg\" alt=\"DSC02553-klein\" width=\"300\" height=\"170\" srcset=\"http:\/\/nispuck.de\/wp-content\/uploads\/2017\/12\/DSC02553-klein-300x170.jpg 300w, http:\/\/nispuck.de\/wp-content\/uploads\/2017\/12\/DSC02553-klein-1024x580.jpg 1024w\" sizes=\"(max-width: 300px) 100vw, 300px\" \/><\/a><a href=\"http:\/\/nispuck.de\/wp-content\/uploads\/2017\/12\/DSC02530-klein.jpg\">\u00a0\u00a0\u00a0\u00a0\u00a0\u00a0\u00a0\u00a0\u00a0 <img loading=\"lazy\" decoding=\"async\" class=\"alignnone size-medium wp-image-663\" src=\"http:\/\/nispuck.de\/wp-content\/uploads\/2017\/12\/DSC02530-klein-300x170.jpg\" alt=\"DSC02530-klein\" width=\"300\" height=\"170\" srcset=\"http:\/\/nispuck.de\/wp-content\/uploads\/2017\/12\/DSC02530-klein-300x170.jpg 300w, http:\/\/nispuck.de\/wp-content\/uploads\/2017\/12\/DSC02530-klein-1024x580.jpg 1024w\" sizes=\"(max-width: 300px) 100vw, 300px\" \/><\/a><\/p>\n<p style=\"text-align: justify;\"><a href=\"http:\/\/nispuck.de\/wp-content\/uploads\/2017\/12\/DSC02528-klein.jpg\"><img loading=\"lazy\" decoding=\"async\" class=\"  wp-image-697 aligncenter\" src=\"http:\/\/nispuck.de\/wp-content\/uploads\/2017\/12\/DSC02528-klein-300x170.jpg\" alt=\"DSC02528-klein\" width=\"478\" height=\"271\" srcset=\"http:\/\/nispuck.de\/wp-content\/uploads\/2017\/12\/DSC02528-klein-300x170.jpg 300w, http:\/\/nispuck.de\/wp-content\/uploads\/2017\/12\/DSC02528-klein-1024x580.jpg 1024w\" sizes=\"(max-width: 478px) 100vw, 478px\" \/><\/a><\/p>\n<p style=\"text-align: justify;\">Kurz nach dem Terroranschlag war die Stimmung hier noch sehr bedr\u00fcckend. Diese Stadt hat nat\u00fcrlich noch viel, viel mehr zu bieten, doch das lies unser Zeitplan nicht zu. Wir erwarteten am 26. August ganz lieben Besuch aus der Heimat Aachen. Zuf\u00e4llig war genau an dem Wochenende Kardiologen Kongress in Barcelona. Da ich in Aachen in der Kardiologie arbeite, freute ich mich sehr einen unserer Ober\u00e4rzte der auf dem Kongress einen Vortrag hatte mit seiner Frau und den beiden Kindern an Bord der Nis Puck begr\u00fc\u00dfen zu k\u00f6nnen. Er hat mich sehr bei meinem Vorhaben, eine Auszeit zu nehmen und diese Segelreise machen unterst\u00fctzt. Martin machte mit ihnen eine kleine Hafenrundfahrt mit dem Dingi, entlang der Mega Yachten. Dies beobachtete die Portpolice und baten Martin sehr bestimmt wieder zur\u00fcck zu seinem eigenen Schiff zu fahren.<br \/>\nAm selben Nachmittag kamen noch Helena und J\u00fcrg aus der Schweiz zu uns an Bord. Das waren jetzt schon die dritten schweizer G\u00e4ste in diesem Sommer. Wir haben sehr positive Erfahrungen gemacht und ich liebe die Sprache, auch wenn ich nur einen Bruchteil davon verstehe. Die beiden begleiteten uns eine Woche \u00fcber Menorca nach Mallorca. Von diesem Abschnitt unserer Reise berichten wir beim n\u00e4chsten Mal.<\/p>\n","protected":false},"excerpt":{"rendered":"<p>T\u00f6rnbericht Nizza bis Barcelona Am 05. August kehrte Martin aus der Heimat zur\u00fcck und um 15:00 Uhr machten wir die Leinen in der Marina Saint de Mar N\u00e4he Nizza los und motorten bei 30 Grad und Flaute Richtung Antibes. \u00a0 &hellip; <a href=\"http:\/\/nispuck.de\/?p=656\">Weiterlesen <span class=\"meta-nav\">&rarr;<\/span><\/a><\/p>\n","protected":false},"author":2,"featured_media":0,"comment_status":"open","ping_status":"open","sticky":false,"template":"","format":"standard","meta":{"footnotes":""},"categories":[34],"tags":[60,59],"_links":{"self":[{"href":"http:\/\/nispuck.de\/index.php?rest_route=\/wp\/v2\/posts\/656"}],"collection":[{"href":"http:\/\/nispuck.de\/index.php?rest_route=\/wp\/v2\/posts"}],"about":[{"href":"http:\/\/nispuck.de\/index.php?rest_route=\/wp\/v2\/types\/post"}],"author":[{"embeddable":true,"href":"http:\/\/nispuck.de\/index.php?rest_route=\/wp\/v2\/users\/2"}],"replies":[{"embeddable":true,"href":"http:\/\/nispuck.de\/index.php?rest_route=%2Fwp%2Fv2%2Fcomments&post=656"}],"version-history":[{"count":13,"href":"http:\/\/nispuck.de\/index.php?rest_route=\/wp\/v2\/posts\/656\/revisions"}],"predecessor-version":[{"id":706,"href":"http:\/\/nispuck.de\/index.php?rest_route=\/wp\/v2\/posts\/656\/revisions\/706"}],"wp:attachment":[{"href":"http:\/\/nispuck.de\/index.php?rest_route=%2Fwp%2Fv2%2Fmedia&parent=656"}],"wp:term":[{"taxonomy":"category","embeddable":true,"href":"http:\/\/nispuck.de\/index.php?rest_route=%2Fwp%2Fv2%2Fcategories&post=656"},{"taxonomy":"post_tag","embeddable":true,"href":"http:\/\/nispuck.de\/index.php?rest_route=%2Fwp%2Fv2%2Ftags&post=656"}],"curies":[{"name":"wp","href":"https:\/\/api.w.org\/{rel}","templated":true}]}}